{"id":1121,"date":"2026-09-02T23:36:18","date_gmt":"2026-09-02T21:36:18","guid":{"rendered":"https:\/\/avidexperience.com\/?p=1121"},"modified":"2026-09-02T23:36:35","modified_gmt":"2026-09-02T21:36:35","slug":"j1-ecole-descalade-de-la-forclaz","status":"publish","type":"post","link":"https:\/\/avidexperience.com\/index.php\/2026\/09\/02\/j1-ecole-descalade-de-la-forclaz\/","title":{"rendered":"J1 : \u00e9cole d&rsquo;escalade de la Forclaz"},"content":{"rendered":"\n<p class=\"wp-block-paragraph\"><strong><em>Pour notre premi\u00e8re journ\u00e9e d\u2019escalade sur falaises avec Thibaut, nous nous \u00e9chauffons sur des parois bien \u00e9quip\u00e9es avant de nous lancer \u00e0 l\u2019assaut des grandes voies en haute montagne. Il y a peu d\u2019appr\u00e9hensions aujourd\u2019hui car c\u2019est un domaine que nous ma\u00eetrisons avant de basculer dans un inconnu qui nous fascine autant qu\u2019il nous intimide.<\/em><\/strong><\/p>\n\n\n\n<p class=\"wp-block-paragraph\">Apr\u00e8s une semaine de vacances chacun de son c\u00f4t\u00e9, Thibaut me r\u00e9cup\u00e8re \u00e0 la gare d\u2019Annecy avec la Toyota Yaris de ses parents \u00e9quip\u00e9e d\u2019une tente sur le toit pour rejoindre notre premier terrain d\u2019aventures : le site d\u2019\u00e9cole d\u2019escalade de la Forclaz \u00e0 c\u00f4t\u00e9 de la station du Grand Bornand. Thibaut a judicieusement s\u00e9lectionn\u00e9 ce site afin de nous remettre en jambes sur des falaises de taille moyenne, bien \u00e9quip\u00e9es et de tous niveaux.&nbsp;<\/p>\n\n\n\n<p class=\"wp-block-paragraph\">Nous nous garons \u00e0 la tomb\u00e9e de la nuit sur un parking \u00e0 proximit\u00e9 et, apr\u00e8s une toilette rudimentaire, nous d\u00e9plions la tente en une fraction de seconde pour nous glisser dans les draps d\u00e9j\u00e0 install\u00e9s, c\u2019est tr\u00e8s pratique.&nbsp; Le lendemain matin, le ciel d\u00e9gag\u00e9 nous permet de d\u00e9couvrir en face la cha\u00eene de montagnes des Aravis qui sera notre prochaine \u00e9tape.&nbsp;<\/p>\n\n\n\n<figure class=\"wp-block-gallery has-nested-images columns-default is-cropped wp-block-gallery-1 is-layout-flex wp-block-gallery-is-layout-flex\">\n<figure class=\"wp-block-image size-large\"><img loading=\"lazy\" decoding=\"async\" width=\"768\" height=\"1024\" data-id=\"1123\" src=\"https:\/\/avidexperience.com\/wp-content\/uploads\/2026\/09\/IMG-20260727-WA0002min-768x1024-1.jpg\" alt=\"\" class=\"wp-image-1123\" srcset=\"https:\/\/avidexperience.com\/wp-content\/uploads\/2026\/09\/IMG-20260727-WA0002min-768x1024-1.jpg 768w, https:\/\/avidexperience.com\/wp-content\/uploads\/2026\/09\/IMG-20260727-WA0002min-225x300.jpg 225w, https:\/\/avidexperience.com\/wp-content\/uploads\/2026\/09\/IMG-20260727-WA0002min.jpg 924w\" sizes=\"auto, (max-width: 768px) 100vw, 768px\" \/><figcaption class=\"wp-element-caption\">Toyota Yaris \u00e9quip\u00e9e d&rsquo;une tente sur le toit<\/figcaption><\/figure>\n\n\n\n<figure class=\"wp-block-image size-full\"><img loading=\"lazy\" decoding=\"async\" width=\"4080\" height=\"3060\" data-id=\"1122\" src=\"https:\/\/avidexperience.com\/wp-content\/uploads\/2026\/09\/20260720_075251.jpg\" alt=\"\" class=\"wp-image-1122\"\/><figcaption class=\"wp-element-caption\">Vue sur la cha\u00eene des Aravis<\/figcaption><\/figure>\n<\/figure>\n\n\n\n<p class=\"wp-block-paragraph\">En \u00e0 peine quelques minutes de marche, nous atteignons les voies de la Forclaz et nous commen\u00e7ons par nous \u00e9chauffer sur une 5A afin de nous r\u00e9habituer \u00e0 l\u2019escalade sur rocher. Puis, nous nous lan\u00e7ons dans une 5B+ avec des passages d\u00e9j\u00e0 plus techniques en montant de profil le long d\u2019une ar\u00eate. Nous continuons sur notre lanc\u00e9e avec une 5C+ qui commence en l\u00e9ger d\u00e9vers avec de bons bacs pour les mains puis un passage interm\u00e9diaire l\u00e9g\u00e8rement expos\u00e9 sur une courte travers\u00e9e constitue le \u00ab&nbsp;crux&nbsp;\u00bb de la voie avant de rejoindre le relais.&nbsp;<\/p>\n\n\n\n<p class=\"wp-block-paragraph\">Notre objectif final \u00e9tant le 6A, on d\u00e9cide de terminer par une voie de ce niveau : j\u2019\u00e9prouve moins de difficult\u00e9s que sur la 5C+ car le d\u00e9vers me convient g\u00e9n\u00e9ralement moins (excuse morpho?) et j\u2019\u00e9tais probablement plus concentr\u00e9.<\/p>\n\n\n<div class=\"wp-block-image\">\n<figure class=\"aligncenter size-large\"><img loading=\"lazy\" decoding=\"async\" width=\"768\" height=\"1024\" src=\"https:\/\/avidexperience.com\/wp-content\/uploads\/2026\/09\/IMG-20260731-WA0013-768x1024-1.jpg\" alt=\"\" class=\"wp-image-1124\" srcset=\"https:\/\/avidexperience.com\/wp-content\/uploads\/2026\/09\/IMG-20260731-WA0013-768x1024-1.jpg 768w, https:\/\/avidexperience.com\/wp-content\/uploads\/2026\/09\/IMG-20260731-WA0013-225x300.jpg 225w, https:\/\/avidexperience.com\/wp-content\/uploads\/2026\/09\/IMG-20260731-WA0013-1152x1536.jpg 1152w, https:\/\/avidexperience.com\/wp-content\/uploads\/2026\/09\/IMG-20260731-WA0013-1536x2048.jpg 1536w, https:\/\/avidexperience.com\/wp-content\/uploads\/2026\/09\/IMG-20260731-WA0013-1320x1760.jpg 1320w, https:\/\/avidexperience.com\/wp-content\/uploads\/2026\/09\/IMG-20260731-WA0013.jpg 1848w\" sizes=\"auto, (max-width: 768px) 100vw, 768px\" \/><figcaption class=\"wp-element-caption\">Ecole d&rsquo;escalade de la Forclaz<\/figcaption><\/figure>\n<\/div>\n\n\n<p class=\"wp-block-paragraph\">Nous arr\u00eatons de grimper \u00e0 midi afin de nous donner le temps de r\u00e9viser les manips pour installer un relais et faire un rappel en grande voie puis nous mangeons un sandwich au bord d\u2019une rivi\u00e8re qui nous permet de prendre un dernier bain avant notre s\u00e9jour en refuge o\u00f9 les ressources en eau sont limit\u00e9es.<\/p>\n\n\n\n<p class=\"wp-block-paragraph\">En fin d\u2019apr\u00e8s-midi, nous garons notre voiture au col des Annes \u00e0 1700 m\u00e8tres, haut lieu de p\u00e2turage de vaches productrices de lait qui permet de faire du bon reblochon. Apr\u00e8s un dernier point de v\u00e9rifications sur notre mat\u00e9riel, nous partons \u00e0 pied pour rejoindre le refuge de la Pointe Perc\u00e9e \u00e0 2164 m\u00e8tres d\u2019altitude.<\/p>\n\n\n\n<p class=\"wp-block-paragraph\">La vue sur la cha\u00eene des Aravis est spectaculaire avec ses multiples combes, \u00e9troites vall\u00e9es enserr\u00e9es par des montagnes de toutes formes. La Pointe Perc\u00e9e culmine \u00e0 2750 m\u00e8tres, elle se distingue nettement des autres de part son absence de v\u00e9g\u00e9tation : c\u2019est un d\u00e9cor tr\u00e8s min\u00e9ral avec une roche grise, on se croirait sur une autre plan\u00e8te.&nbsp;&nbsp;<\/p>\n\n\n\n<p class=\"wp-block-paragraph\">Cette montagne nous para\u00eet alors bien loin et pourtant, nous ne nous doutons pas que nos deux prochaines grandes voies sont d\u00e9j\u00e0 visibles sur le versant nord-ouest (l&rsquo;Ar\u00eate du doigt \u00e0 gauche de la photo) et sur le versant sud-est (l\u2019Ombre chinoise \u00e0 droite de la photo).<\/p>\n\n\n\n<figure class=\"wp-block-gallery has-nested-images columns-default is-cropped wp-block-gallery-2 is-layout-flex wp-block-gallery-is-layout-flex\">\n<figure class=\"wp-block-image size-full\"><img loading=\"lazy\" decoding=\"async\" width=\"536\" height=\"720\" data-id=\"1125\" src=\"https:\/\/avidexperience.com\/wp-content\/uploads\/2026\/09\/voies.jpg\" alt=\"\" class=\"wp-image-1125\" srcset=\"https:\/\/avidexperience.com\/wp-content\/uploads\/2026\/09\/voies.jpg 536w, https:\/\/avidexperience.com\/wp-content\/uploads\/2026\/09\/voies-223x300.jpg 223w\" sizes=\"auto, (max-width: 536px) 100vw, 536px\" \/><figcaption class=\"wp-element-caption\">Vue sur la Pointe Perc\u00e9e&#8230;<\/figcaption><\/figure>\n\n\n\n<figure class=\"wp-block-image size-full\"><img loading=\"lazy\" decoding=\"async\" width=\"591\" height=\"720\" data-id=\"1127\" src=\"https:\/\/avidexperience.com\/wp-content\/uploads\/2026\/09\/voies22.jpg\" alt=\"\" class=\"wp-image-1127\" srcset=\"https:\/\/avidexperience.com\/wp-content\/uploads\/2026\/09\/voies22.jpg 591w, https:\/\/avidexperience.com\/wp-content\/uploads\/2026\/09\/voies22-246x300.jpg 246w\" sizes=\"auto, (max-width: 591px) 100vw, 591px\" \/><figcaption class=\"wp-element-caption\">&#8230; et nos 2 futures grandes voies<\/figcaption><\/figure>\n<\/figure>\n\n\n\n<p class=\"wp-block-paragraph\">Nous arrivons au refuge apr\u00e8s 1h30 de marche, la vue est tr\u00e8s belle sur la Pointe Perc\u00e9e \u00e0 l\u2019est et sur toute la vall\u00e9e du Grand Bornand \u00e0 l\u2019ouest o\u00f9 nous pouvons admirer le coucher de soleil depuis une grande terrasse am\u00e9nag\u00e9e.&nbsp;<\/p>\n\n\n\n<p class=\"wp-block-paragraph\">Le refuge de la Pointe Perc\u00e9e est historique, sa premi\u00e8re construction date de 1899 et il a \u00e9t\u00e9 enti\u00e8rement r\u00e9habilit\u00e9 en 2023. Pour plus de renseignements sur cet \u00e9tablissement, vous trouverez sur ce lien un <a href=\"https:\/\/www.lemonde.fr\/series-d-ete\/article\/2026\/07\/18\/les-gens-ont-cette-image-a-la-heidi-des-montagnes-tres-romantisee-le-quotidien-de-clarisse-binetruy-gardienne-du-refuge-de-la-pointe-percee_6724354_3451060.html?srsltid=AfmBOoq8-jJDSWxhVvPPm06HSmdKoQ85xt3D5iMIW881ybU6eXpTXlLR\">article tr\u00e8s int\u00e9ressant du journal Le Monde avec un portrait de sa gardienne<\/a>.<\/p>\n\n\n<div class=\"wp-block-image\">\n<figure class=\"aligncenter size-large\"><img loading=\"lazy\" decoding=\"async\" width=\"1024\" height=\"473\" src=\"https:\/\/avidexperience.com\/wp-content\/uploads\/2026\/09\/IMG-20260723-WA0093-1024x473.jpg\" alt=\"\" class=\"wp-image-1131\" srcset=\"https:\/\/avidexperience.com\/wp-content\/uploads\/2026\/09\/IMG-20260723-WA0093-1024x473.jpg 1024w, https:\/\/avidexperience.com\/wp-content\/uploads\/2026\/09\/IMG-20260723-WA0093-300x139.jpg 300w, https:\/\/avidexperience.com\/wp-content\/uploads\/2026\/09\/IMG-20260723-WA0093-766x354.jpg 766w, https:\/\/avidexperience.com\/wp-content\/uploads\/2026\/09\/IMG-20260723-WA0093-1536x710.jpg 1536w, https:\/\/avidexperience.com\/wp-content\/uploads\/2026\/09\/IMG-20260723-WA0093-2048x946.jpg 2048w, https:\/\/avidexperience.com\/wp-content\/uploads\/2026\/09\/IMG-20260723-WA0093-1318x609.jpg 1318w\" sizes=\"auto, (max-width: 1024px) 100vw, 1024px\" \/><figcaption class=\"wp-element-caption\">Notre terrain de jeux pour les deux prochains jours<\/figcaption><\/figure>\n<\/div>\n\n\n<p class=\"wp-block-paragraph\">Nous arrivons juste \u00e0 temps pour nous installer dans un confortable dortoir avant de passer au d\u00eener collectif. Le repas est bon et copieux avec une savoureuse soupe de l\u00e9gumes en entr\u00e9e dans lequel on immerge un morceau de pain et une tranche de tomme de Savoie, les plats sont \u00e9galement vari\u00e9s et les desserts sont d\u00e9licieux. Durant ce s\u00e9jour, je ne cesserai de d\u00e9clarer avec emphase \u00e0 mes voisins de tabl\u00e9e que c\u2019est assur\u00e9ment le meilleur refuge de montagne que j\u2019ai fait, suscitant l\u2019hilarit\u00e9 de Thibaut.<\/p>\n\n\n\n<p class=\"wp-block-paragraph\">Ce soir, nous d\u00eenons \u00e0 c\u00f4t\u00e9 d&rsquo;un fr\u00e8re et d&rsquo;une s\u0153ur originaires de la r\u00e9gion qui grimpent souvent et, par une heureuse co\u00efncidence, ils ont pr\u00e9vu de faire la m\u00eame voie que nous le lendemain. Avec patience, ils r\u00e9pondent \u00e0 nos nombreuses questions sur l\u2019Ar\u00eate du doigt tout en nous recommandant d\u2019autres grandes voies pour notre niveau, leurs pr\u00e9cieux conseils nous permettront ainsi d\u2019adapter notre plan pour les prochains jours.&nbsp;<\/p>\n\n\n\n<p class=\"wp-block-paragraph\">Allez, il est temps de se reposer, les choses s\u00e9rieuses vont commencer demain!<\/p>\n\n\n<div class=\"wp-block-image\">\n<figure class=\"aligncenter size-large\"><img loading=\"lazy\" decoding=\"async\" width=\"1024\" height=\"473\" src=\"https:\/\/avidexperience.com\/wp-content\/uploads\/2026\/09\/IMG-20260723-WA0005-1024x473.jpg\" alt=\"\" class=\"wp-image-1130\" srcset=\"https:\/\/avidexperience.com\/wp-content\/uploads\/2026\/09\/IMG-20260723-WA0005-1024x473.jpg 1024w, https:\/\/avidexperience.com\/wp-content\/uploads\/2026\/09\/IMG-20260723-WA0005-300x139.jpg 300w, https:\/\/avidexperience.com\/wp-content\/uploads\/2026\/09\/IMG-20260723-WA0005-766x354.jpg 766w, https:\/\/avidexperience.com\/wp-content\/uploads\/2026\/09\/IMG-20260723-WA0005-1536x710.jpg 1536w, https:\/\/avidexperience.com\/wp-content\/uploads\/2026\/09\/IMG-20260723-WA0005-2048x946.jpg 2048w, https:\/\/avidexperience.com\/wp-content\/uploads\/2026\/09\/IMG-20260723-WA0005-1318x609.jpg 1318w\" sizes=\"auto, (max-width: 1024px) 100vw, 1024px\" \/><figcaption class=\"wp-element-caption\">Vue depuis la terrasse du refuge<\/figcaption><\/figure>\n<\/div>","protected":false},"excerpt":{"rendered":"<p>Pour notre premi\u00e8re journ\u00e9e d\u2019escalade sur falaises avec Thibaut, nous nous \u00e9chauffons sur des parois bien \u00e9quip\u00e9es avant de nous lancer \u00e0 l\u2019assaut des grandes voies en haute montagne. Il y a peu d\u2019appr\u00e9hensions aujourd\u2019hui car c\u2019est un domaine que&#8230;<\/p>\n","protected":false},"author":1,"featured_media":0,"comment_status":"open","ping_status":"open","sticky":false,"template":"","format":"standard","meta":{"footnotes":""},"categories":[6],"tags":[],"class_list":["post-1121","post","type-post","status-publish","format-standard","hentry","category-voyages"],"_links":{"self":[{"href":"https:\/\/avidexperience.com\/index.php\/wp-json\/wp\/v2\/posts\/1121","targetHints":{"allow":["GET"]}}],"collection":[{"href":"https:\/\/avidexperience.com\/index.php\/wp-json\/wp\/v2\/posts"}],"about":[{"href":"https:\/\/avidexperience.com\/index.php\/wp-json\/wp\/v2\/types\/post"}],"author":[{"embeddable":true,"href":"https:\/\/avidexperience.com\/index.php\/wp-json\/wp\/v2\/users\/1"}],"replies":[{"embeddable":true,"href":"https:\/\/avidexperience.com\/index.php\/wp-json\/wp\/v2\/comments?post=1121"}],"version-history":[{"count":1,"href":"https:\/\/avidexperience.com\/index.php\/wp-json\/wp\/v2\/posts\/1121\/revisions"}],"predecessor-version":[{"id":1132,"href":"https:\/\/avidexperience.com\/index.php\/wp-json\/wp\/v2\/posts\/1121\/revisions\/1132"}],"wp:attachment":[{"href":"https:\/\/avidexperience.com\/index.php\/wp-json\/wp\/v2\/media?parent=1121"}],"wp:term":[{"taxonomy":"category","embeddable":true,"href":"https:\/\/avidexperience.com\/index.php\/wp-json\/wp\/v2\/categories?post=1121"},{"taxonomy":"post_tag","embeddable":true,"href":"https:\/\/avidexperience.com\/index.php\/wp-json\/wp\/v2\/tags?post=1121"}],"curies":[{"name":"wp","href":"https:\/\/api.w.org\/{rel}","templated":true}]}}